{"id":3058,"date":"2022-12-10T15:58:59","date_gmt":"2022-12-10T14:58:59","guid":{"rendered":"https:\/\/christian-perl.at\/?p=3058"},"modified":"2022-12-10T16:02:14","modified_gmt":"2022-12-10T15:02:14","slug":"dialog-als-basis-fuer-eine-neue-kommunikations-und-meetingkultur","status":"publish","type":"post","link":"http:\/\/christian-perl.at\/en\/dialog-als-basis-fuer-eine-neue-kommunikations-und-meetingkultur\/","title":{"rendered":"Die Kraft des Dialogs in Teams Gemeinschaften und Organisationen nutzen"},"content":{"rendered":"<h2>Dialog als Basis f\u00fcr eine neue Kommunikations- und Meeting-Kultur:<\/h2>\n\n\n\n<figure class=\"wp-block-image size-large\"><a data-size=\"1122x631\" href=\"https:\/\/christian-perl.at\/wp-content\/uploads\/2022\/12\/Dialog_V2-3.jpg\"><img loading=\"lazy\" width=\"1024\" height=\"576\" src=\"https:\/\/christian-perl.at\/wp-content\/uploads\/2022\/12\/Dialog_V2-3-1024x576.jpg\" alt=\"\" class=\"wp-image-3059\" srcset=\"https:\/\/christian-perl.at\/wp-content\/uploads\/2022\/12\/Dialog_V2-3-1024x576.jpg 1024w, https:\/\/christian-perl.at\/wp-content\/uploads\/2022\/12\/Dialog_V2-3-300x169.jpg 300w, https:\/\/christian-perl.at\/wp-content\/uploads\/2022\/12\/Dialog_V2-3-768x432.jpg 768w, https:\/\/christian-perl.at\/wp-content\/uploads\/2022\/12\/Dialog_V2-3-18x10.jpg 18w, https:\/\/christian-perl.at\/wp-content\/uploads\/2022\/12\/Dialog_V2-3-900x506.jpg 900w, https:\/\/christian-perl.at\/wp-content\/uploads\/2022\/12\/Dialog_V2-3.jpg 1122w\" sizes=\"(max-width: 1024px) 100vw, 1024px\" \/><\/a><figcaption>gezeichnetes Bild: stilisierte Menschen im Kreis, hangeschrieben: Dialog <\/figcaption><\/figure>\n\n\n\n<p><strong>EINLADUNG zu &nbsp;<\/strong><br><strong>\u201eDie Kraft des Dialogs in Teams, Gemeinschaften und Organisationen nutzen\u201c &nbsp;<br><\/strong>Dialogworkshop am 24.\/25. Februar 2023 in Wien<br>Freitag 14:30 Uhr \u2013 18:30 Uhr; Samstag 9:00 Uhr \u2013 16:30 Uhr<\/p>\n\n\n\n<blockquote class=\"wp-block-quote\"><p>Viele Probleme, vor denen wir heute stehen, sind zu komplex, um sie alleine zu l\u00f6sen. F\u00fcr sie braucht man mehr als ein Gehirn. Der Dialog will die kollektive Intelligenz der Menschen, mit denen wir arbeiten, nutzbar machen: Zusammen sind wir wacher und kl\u00fcger als allein. Zusammen k\u00f6nnen wir auch neue Wege und Chancen deutlicher erkennen.<\/p><cite>William Isaacks<\/cite><\/blockquote>\n\n\n\n<p>Gerade in einer Zeit, in der Teams und Unternehmen sich permanent neu erfinden m\u00fcssen, bietet der Dialog F\u00fchrungskr\u00e4ften und Moderator*innen einen Raum, sch\u00f6pferisches Denken zu erm\u00f6glichen:<br>f\u00fcr kreative Prozesse, f\u00fcr Strategie- oder Visionsentwicklungen, die L\u00f6sung schwieriger Probleme, oder wenn die Kommunikation in einer Gruppe festgefahren ist.<br><br>F\u00fcr wen ist dieser Workshop gedacht?<br>* f\u00fcr F\u00fchrungskr\u00e4fte und Facilitator*innen<br>* Verantwortliche in der Personalentwicklung<br>* Menschen, die in der in der Gemeinde- und\/oder Organisationsentwicklung t\u00e4tig sind<br><br>n\u00e4here Infos und Anmeldung: <a href=\"http:\/\/christian-perl.at\/en\/trainings\/\" target=\"_blank\" rel=\"noreferrer noopener\">https:\/\/christian-perl.at\/trainings\/<\/a> <\/p>","protected":false},"excerpt":{"rendered":"<p>Dialog als Basis f\u00fcr eine neue Kommunikations- und Meeting-Kultur: EINLADUNG zu &nbsp;\u201eDie Kraft des Dialogs in Teams, Gemeinschaften und Organisationen nutzen\u201c &nbsp;Dialogworkshop am 24.\/25. Februar 2023 in WienFreitag 14:30 Uhr \u2013 18:30 Uhr; Samstag 9:00 Uhr \u2013 16:30 Uhr Viele Probleme, vor denen wir heute stehen, sind zu komplex, um sie alleine zu l\u00f6sen. F\u00fcr [&hellip;]<\/p>","protected":false},"author":1,"featured_media":0,"comment_status":"closed","ping_status":"closed","sticky":false,"template":"","format":"standard","meta":[],"categories":[1],"tags":[],"_links":{"self":[{"href":"http:\/\/christian-perl.at\/en\/wp-json\/wp\/v2\/posts\/3058"}],"collection":[{"href":"http:\/\/christian-perl.at\/en\/wp-json\/wp\/v2\/posts"}],"about":[{"href":"http:\/\/christian-perl.at\/en\/wp-json\/wp\/v2\/types\/post"}],"author":[{"embeddable":true,"href":"http:\/\/christian-perl.at\/en\/wp-json\/wp\/v2\/users\/1"}],"replies":[{"embeddable":true,"href":"http:\/\/christian-perl.at\/en\/wp-json\/wp\/v2\/comments?post=3058"}],"version-history":[{"count":4,"href":"http:\/\/christian-perl.at\/en\/wp-json\/wp\/v2\/posts\/3058\/revisions"}],"predecessor-version":[{"id":3064,"href":"http:\/\/christian-perl.at\/en\/wp-json\/wp\/v2\/posts\/3058\/revisions\/3064"}],"wp:attachment":[{"href":"http:\/\/christian-perl.at\/en\/wp-json\/wp\/v2\/media?parent=3058"}],"wp:term":[{"taxonomy":"category","embeddable":true,"href":"http:\/\/christian-perl.at\/en\/wp-json\/wp\/v2\/categories?post=3058"},{"taxonomy":"post_tag","embeddable":true,"href":"http:\/\/christian-perl.at\/en\/wp-json\/wp\/v2\/tags?post=3058"}],"curies":[{"name":"wp","href":"https:\/\/api.w.org\/{rel}","templated":true}]}}